
{"id":6634,"date":"2016-10-06T20:32:47","date_gmt":"2016-10-06T18:32:47","guid":{"rendered":"http:\/\/sofarportal.hu\/?p=6634"},"modified":"2016-10-21T11:43:00","modified_gmt":"2016-10-21T09:43:00","slug":"konferencia-es-dicsoito-est-2016-regisztracio","status":"publish","type":"post","link":"https:\/\/archiv.sofarportal.hu\/?p=6634","title":{"rendered":"Konferencia \u00e9s Dics\u0151\u00edt\u0151 Est 2016 | regisztr\u00e1ci\u00f3"},"content":{"rendered":"<p>&nbsp;<\/p>\n<p><strong>A\u00a0regisztr\u00e1ci\u00f3 hat\u00e1rideje lej\u00e1rt, a konferencia programjai, helysz\u00ednei megteltek. A Dics\u0151\u00edt\u0151 Estre m\u00e9g valamennyi embert tudunk fogadni, de\u00a0elk\u00e9pzelhet\u0151, hogy le kell z\u00e1rnunk az erre val\u00f3 jelentkez\u00e9st\u00a0is, ez\u00e9rt \u00e9rdemes miel\u0151bb regisztr\u00e1lni itt:<\/strong><\/p>\n<h1 style=\"text-align: center;\"><strong><a href=\"https:\/\/docs.google.com\/forms\/d\/e\/1FAIpQLSdfGHr24HZnMrR_TypIR0LgHYfKPiJu20m18gYSJgl2jPfJMg\/viewform\" target=\"_blank\">REGISZTR\u00c1CI\u00d3 A DICS\u0150\u00cdT\u0150 ESTRE<\/a><\/strong><\/h1>\n<p>TOV\u00c1BBI INF\u00d3K:<\/p>\n<ul>\n<li>a rendezv\u00e9nyen\u00a0val\u00f3 r\u00e9szv\u00e9tel el\u0151zetes regisztr\u00e1ci\u00f3hoz k\u00f6t\u00f6tt,\u00a0k\u00e9rj\u00fck, hogy ha csak a Dics\u0151\u00edt\u0151 Estre j\u00f6sz, akkor is regisztr\u00e1lj!<\/li>\n<li>a Konferencia jelentkez\u00e9si hat\u00e1rideje: okt\u00f3ber 20. &#8211; a Dics\u0151\u00edt\u0151 Estre eg\u00e9szen okt. 28-ig lehet jelentkezni.<\/li>\n<li>a gyermekeket (12 \u00e9ves korig, akik gyermekprogramokra j\u00f6nnek) valamelyik szint\u00e9n r\u00e9sztvev\u0151 sz\u00fcl\u0151 (vagy k\u00eds\u00e9r\u0151) tudja regisztr\u00e1lni<\/li>\n<li>r\u00e9szv\u00e9teli d\u00edj nincs, de k\u00e9rj\u00fck, hogy mindenki lehet\u0151s\u00e9geihez m\u00e9rten t\u00e1mogat\u00f3i jegy v\u00e1s\u00e1rl\u00e1s\u00e1val v\u00e1llaljon r\u00e9szt a k\u00f6lts\u00e9gekb\u0151l (az egy f\u0151re jut\u00f3 k\u00f6lts\u00e9g v\u00e1rhat\u00f3an 2000-3000 Ft). A t\u00e1mogat\u00f3i jegy \u00e9rt\u00e9k\u00e9t a regisztr\u00e1ci\u00f3 sor\u00e1n k\u00e9rj\u00fck jelezni.<\/li>\n<li>eb\u00e9dre pizz\u00e1t rendel\u00fcnk, (500 Ft\/ pizzaszelet) \u00e1ron, melyre val\u00f3 ig\u00e9nyt\u00a0a regisztr\u00e1ci\u00f3kor\u00a0lehetett jelezni<\/li>\n<li>a t\u00e1mogat\u00f3i jegy ill. a pizza ellen\u00e9rt\u00e9k\u00e9t a helysz\u00ednen k\u00e9rj\u00fck fizetni\u00a0k\u00e9szp\u00e9nzben, nagyobb \u00f6sszeg eset\u00e9ben el\u0151re utal\u00e1ssal az egyes\u00fclet sz\u00e1ml\u00e1j\u00e1ra &#8222;Konferencia t\u00e1mogat\u00e1s&#8221; k\u00f6zlem\u00e9nnyel<\/li>\n<\/ul>\n","protected":false},"excerpt":{"rendered":"<p>Konferencia regisztr\u00e1ci\u00f3!<\/p>\n","protected":false},"author":2,"featured_media":6654,"comment_status":"open","ping_status":"open","sticky":false,"template":"","format":"standard","meta":{"_uag_custom_page_level_css":"","footnotes":""},"categories":[590],"tags":[],"class_list":["post-6634","post","type-post","status-publish","format-standard","has-post-thumbnail","hentry","category-konferencia-2016"],"uagb_featured_image_src":{"full":["https:\/\/archiv.sofarportal.hu\/wp-content\/uploads\/reg.jpg",2000,1125,false],"thumbnail":["https:\/\/archiv.sofarportal.hu\/wp-content\/uploads\/reg.jpg",200,113,false],"medium":["https:\/\/archiv.sofarportal.hu\/wp-content\/uploads\/reg.jpg",300,169,false],"medium_large":["https:\/\/archiv.sofarportal.hu\/wp-content\/uploads\/reg.jpg",2000,1125,false],"large":["https:\/\/archiv.sofarportal.hu\/wp-content\/uploads\/reg.jpg",625,352,false],"1536x1536":["https:\/\/archiv.sofarportal.hu\/wp-content\/uploads\/reg.jpg",1536,864,false],"2048x2048":["https:\/\/archiv.sofarportal.hu\/wp-content\/uploads\/reg.jpg",2000,1125,false],"post-thumbnail":["https:\/\/archiv.sofarportal.hu\/wp-content\/uploads\/reg.jpg",624,351,false]},"uagb_author_info":{"display_name":"Andr\u00e1s Szab\u00f3","author_link":"https:\/\/archiv.sofarportal.hu\/?author=2"},"uagb_comment_info":1,"uagb_excerpt":"Konferencia regisztr\u00e1ci\u00f3!","_links":{"self":[{"href":"https:\/\/archiv.sofarportal.hu\/index.php?rest_route=\/wp\/v2\/posts\/6634","targetHints":{"allow":["GET"]}}],"collection":[{"href":"https:\/\/archiv.sofarportal.hu\/index.php?rest_route=\/wp\/v2\/posts"}],"about":[{"href":"https:\/\/archiv.sofarportal.hu\/index.php?rest_route=\/wp\/v2\/types\/post"}],"author":[{"embeddable":true,"href":"https:\/\/archiv.sofarportal.hu\/index.php?rest_route=\/wp\/v2\/users\/2"}],"replies":[{"embeddable":true,"href":"https:\/\/archiv.sofarportal.hu\/index.php?rest_route=%2Fwp%2Fv2%2Fcomments&post=6634"}],"version-history":[{"count":10,"href":"https:\/\/archiv.sofarportal.hu\/index.php?rest_route=\/wp\/v2\/posts\/6634\/revisions"}],"predecessor-version":[{"id":6696,"href":"https:\/\/archiv.sofarportal.hu\/index.php?rest_route=\/wp\/v2\/posts\/6634\/revisions\/6696"}],"wp:featuredmedia":[{"embeddable":true,"href":"https:\/\/archiv.sofarportal.hu\/index.php?rest_route=\/wp\/v2\/media\/6654"}],"wp:attachment":[{"href":"https:\/\/archiv.sofarportal.hu\/index.php?rest_route=%2Fwp%2Fv2%2Fmedia&parent=6634"}],"wp:term":[{"taxonomy":"category","embeddable":true,"href":"https:\/\/archiv.sofarportal.hu\/index.php?rest_route=%2Fwp%2Fv2%2Fcategories&post=6634"},{"taxonomy":"post_tag","embeddable":true,"href":"https:\/\/archiv.sofarportal.hu\/index.php?rest_route=%2Fwp%2Fv2%2Ftags&post=6634"}],"curies":[{"name":"wp","href":"https:\/\/api.w.org\/{rel}","templated":true}]}}